{"id":288,"date":"2025-12-05T19:27:43","date_gmt":"2025-12-05T19:27:43","guid":{"rendered":"https:\/\/pre.multilingualpress.syde.wpinfra.cloud\/market\/?p=47"},"modified":"2026-06-25T07:53:00","modified_gmt":"2026-06-25T07:53:00","slug":"patient-historie","status":"publish","type":"post","link":"https:\/\/pre.multilingualpress.syde.wpinfra.cloud\/dk\/blog\/patient-historie\/","title":{"rendered":"Patient historie"},"content":{"rendered":"\n<h1 class=\"wp-block-heading\" style=\"font-size:clamp(1.743rem, 1.743rem + ((1vw - 0.2rem) * 1.972), 3rem);font-weight:700;line-height:1.2\">At leve med sj\u00e6lden sygdom: Marias rejse fra diagnose til h\u00e5b<\/h1>\n\n\n\n<p class=\"wp-block-paragraph\" style=\"font-size:clamp(0.875rem, 0.875rem + ((1vw - 0.2rem) * 0.039), 0.9rem);\"><em>29. oktober 2024 \u00b7 L\u00e6setid: 5 min<\/em><\/p>\n\n\n\n<p class=\"wp-block-paragraph\" style=\"font-size:clamp(0.875rem, 0.875rem + ((1vw - 0.2rem) * 0.588), 1.25rem);line-height:1.6\">Da Maria Fern\u00e1ndez fik diagnosen en sj\u00e6lden stofskiftesygdom som 34-\u00e5rig, fortalte l\u00e6ger i hendes hjemby Valencia, Spanien, at der ikke var nogen behandlingsmuligheder. I dag deler hun sin historie om udholdenhed.<\/p>\n\n\n\n<p class=\"wp-block-paragraph\">&#8220;Jeg bes\u00f8gte 11 specialister over to \u00e5r, f\u00f8r nogen kunne fort\u00e6lle mig, hvad der var galt,&#8221; mindes Maria. &#8220;Usikkerheden var h\u00e5rdere end symptomerne selv.&#8221;<\/p>\n\n\n\n<p class=\"wp-block-paragraph\">Hendes tilstand, som p\u00e5virker f\u00e6rre end 1 ud af 50.000 mennesker i Europa, medf\u00f8rer gradvis muskelsvaghed og tr\u00e6thed. I 2019 l\u00e6rte Maria om en eksperimentel behandling gennem en patientforening i Barcelona.<\/p>\n\n\n\n<p class=\"wp-block-paragraph\">Hun tilmeldte sig vores fase II kliniske fors\u00f8g i januar 2020 og blev en af 89 deltagere fra 7 lande. Studiet kr\u00e6vede m\u00e5nedlige bes\u00f8g i Madrid \u2013 en rejse p\u00e5 350 kilometer hver vej \u2013 i 18 m\u00e5neder.<\/p>\n\n\n\n<p class=\"wp-block-paragraph\">&#8220;Ved sjette m\u00e5ned bem\u00e6rkede jeg, at jeg kunne kravle op ad trapper igen uden at stoppe,&#8221; fort\u00e6ller hun. &#8220;Sm\u00e5 ting, som raske mennesker tager for givet, blev fester.&#8221;<\/p>\n\n\n\n<p class=\"wp-block-paragraph\">Behandlingen fik betinget godkendelse fra Det Europ\u00e6iske L\u00e6gemiddelagentur i marts 2023. Maria modtager nu infusioner hver 8. uge p\u00e5 sit lokale hospital i Valencia og er vendt tilbage til sit arbejde som folkeskolel\u00e6rer.<\/p>\n\n\n\n<p class=\"wp-block-paragraph\">&#8220;Jeg fort\u00e6ller andre patienter: giv ikke op. Forskning tager tid, men der er mennesker, der arbejder hver dag for at finde svar. Jeg er et levende bevis,&#8221; siger hun.<\/p>\n\n\n\n<p class=\"wp-block-paragraph\" style=\"font-style:italic\">Demo Brand er dedikeret til forskning i sj\u00e6ldne sygdomme og har i \u00f8jeblikket 12 programmer under udvikling, der sigter mod tilstande, som p\u00e5virker f\u00e6rre end 200.000 patienter globalt.<\/p>\n\n\n\n<div class=\"wp-block-buttons is-layout-flex wp-block-buttons-is-layout-flex\" style=\"margin-top:var(--wp--preset--spacing--40)\">\n<div class=\"wp-block-button\"><a class=\"wp-block-button__link wp-element-button\">L\u00e6s mere om vores programmer for sj\u00e6ldne sygdomme<\/a><\/div>\n<\/div>\n","protected":false},"excerpt":{"rendered":"<p>At leve med sj\u00e6lden sygdom: Marias rejse fra diagnose til h\u00e5b 29. oktober 2024 \u00b7 L\u00e6setid: 5 min Da Maria Fern\u00e1ndez fik diagnosen en sj\u00e6lden stofskiftesygdom som 34-\u00e5rig, fortalte l\u00e6ger i hendes hjemby Valencia, Spanien, at der ikke var nogen behandlingsmuligheder. I dag deler hun sin historie om udholdenhed. &#8220;Jeg bes\u00f8gte 11 specialister over to [&hellip;]<\/p>\n","protected":false},"author":1,"featured_media":0,"comment_status":"open","ping_status":"open","sticky":false,"template":"","format":"standard","meta":{"_acf_changed":false,"_trash_the_other_posts":false,"editor_notices":[],"footnotes":""},"categories":[1],"tags":[],"class_list":["post-288","post","type-post","status-publish","format-standard","hentry","category-ikke-kategoriseret"],"acf":[],"_links":{"self":[{"href":"https:\/\/pre.multilingualpress.syde.wpinfra.cloud\/dk\/wp-json\/wp\/v2\/posts\/288","targetHints":{"allow":["GET"]}}],"collection":[{"href":"https:\/\/pre.multilingualpress.syde.wpinfra.cloud\/dk\/wp-json\/wp\/v2\/posts"}],"about":[{"href":"https:\/\/pre.multilingualpress.syde.wpinfra.cloud\/dk\/wp-json\/wp\/v2\/types\/post"}],"author":[{"embeddable":true,"href":"https:\/\/pre.multilingualpress.syde.wpinfra.cloud\/dk\/wp-json\/wp\/v2\/users\/1"}],"replies":[{"embeddable":true,"href":"https:\/\/pre.multilingualpress.syde.wpinfra.cloud\/dk\/wp-json\/wp\/v2\/comments?post=288"}],"version-history":[{"count":2,"href":"https:\/\/pre.multilingualpress.syde.wpinfra.cloud\/dk\/wp-json\/wp\/v2\/posts\/288\/revisions"}],"predecessor-version":[{"id":579,"href":"https:\/\/pre.multilingualpress.syde.wpinfra.cloud\/dk\/wp-json\/wp\/v2\/posts\/288\/revisions\/579"}],"wp:attachment":[{"href":"https:\/\/pre.multilingualpress.syde.wpinfra.cloud\/dk\/wp-json\/wp\/v2\/media?parent=288"}],"wp:term":[{"taxonomy":"category","embeddable":true,"href":"https:\/\/pre.multilingualpress.syde.wpinfra.cloud\/dk\/wp-json\/wp\/v2\/categories?post=288"},{"taxonomy":"post_tag","embeddable":true,"href":"https:\/\/pre.multilingualpress.syde.wpinfra.cloud\/dk\/wp-json\/wp\/v2\/tags?post=288"}],"curies":[{"name":"wp","href":"https:\/\/api.w.org\/{rel}","templated":true}]}}